{"id":323,"date":"2022-03-21T14:54:01","date_gmt":"2022-03-21T14:54:01","guid":{"rendered":"https:\/\/alianzamasonica.org\/amra\/?p=323"},"modified":"2022-03-21T14:54:01","modified_gmt":"2022-03-21T14:54:01","slug":"encuentro-equinoccial-21-de-marzo-2022","status":"publish","type":"post","link":"https:\/\/alianzamasonica.org\/amra\/blog\/2022\/03\/21\/encuentro-equinoccial-21-de-marzo-2022\/","title":{"rendered":"Encuentro Equinoccial 21 de marzo 2022"},"content":{"rendered":"\n<p>Templo Virtual<\/p>\n\n\n\n<p>Zoom ID: 82828229761 Contrase\u00f1a: AMRA33<\/p>\n\n\n\n<p>Invitaci\u00f3n Especial Encuentro Equinoccial 21 de marzo 20 hs Bs. As.<\/p>\n\n\n\n<p>Programa Apertura Asunci\u00f3n Presidencia Pro-Tempore AMRA &#8211; IPH Sebasti\u00e1n Cruz Evocaci\u00f3n Solsticial IPH Ver\u00f3nica B\u00e1ston Orientes Presentes Cierre: IPH Luz Bertoia<\/p>\n\n\n\n<p>Alianza Mas\u00f3nica de la Rep\u00fablica Argentina Uni\u00f3n Mas\u00f3nica Mundial de SS:. GG:. II:. GG:<\/p>\n\n\n\n<p>www.alianzamasonica.org<\/p>\n\n\n\n<p>www.unionmasomicamundial.org<\/p>\n","protected":false},"excerpt":{"rendered":"<p>Templo Virtual Zoom ID: 82828229761 Contrase\u00f1a: AMRA33 Invitaci\u00f3n Especial Encuentro Equinoccial 21 de marzo 20 hs Bs. As. Programa Apertura Asunci\u00f3n Presidencia Pro-Tempore AMRA &#8211; IPH Sebasti\u00e1n Cruz Evocaci\u00f3n Solsticial &hellip; <a href=\"https:\/\/alianzamasonica.org\/amra\/blog\/2022\/03\/21\/encuentro-equinoccial-21-de-marzo-2022\/\" class=\"more-link\">Leer m\u00e1s<\/a><\/p>\n","protected":false},"author":1,"featured_media":324,"comment_status":"open","ping_status":"open","sticky":false,"template":"","format":"standard","meta":{"footnotes":""},"categories":[26],"tags":[15],"class_list":["post-323","post","type-post","status-publish","format-standard","has-post-thumbnail","hentry","category-encuentro-equinoccial","tag-encuentro-equinoccial","entry"],"_links":{"self":[{"href":"https:\/\/alianzamasonica.org\/amra\/wp-json\/wp\/v2\/posts\/323","targetHints":{"allow":["GET"]}}],"collection":[{"href":"https:\/\/alianzamasonica.org\/amra\/wp-json\/wp\/v2\/posts"}],"about":[{"href":"https:\/\/alianzamasonica.org\/amra\/wp-json\/wp\/v2\/types\/post"}],"author":[{"embeddable":true,"href":"https:\/\/alianzamasonica.org\/amra\/wp-json\/wp\/v2\/users\/1"}],"replies":[{"embeddable":true,"href":"https:\/\/alianzamasonica.org\/amra\/wp-json\/wp\/v2\/comments?post=323"}],"version-history":[{"count":1,"href":"https:\/\/alianzamasonica.org\/amra\/wp-json\/wp\/v2\/posts\/323\/revisions"}],"predecessor-version":[{"id":325,"href":"https:\/\/alianzamasonica.org\/amra\/wp-json\/wp\/v2\/posts\/323\/revisions\/325"}],"wp:featuredmedia":[{"embeddable":true,"href":"https:\/\/alianzamasonica.org\/amra\/wp-json\/wp\/v2\/media\/324"}],"wp:attachment":[{"href":"https:\/\/alianzamasonica.org\/amra\/wp-json\/wp\/v2\/media?parent=323"}],"wp:term":[{"taxonomy":"category","embeddable":true,"href":"https:\/\/alianzamasonica.org\/amra\/wp-json\/wp\/v2\/categories?post=323"},{"taxonomy":"post_tag","embeddable":true,"href":"https:\/\/alianzamasonica.org\/amra\/wp-json\/wp\/v2\/tags?post=323"}],"curies":[{"name":"wp","href":"https:\/\/api.w.org\/{rel}","templated":true}]}}